{"id":1409,"date":"2018-05-22T21:11:35","date_gmt":"2018-05-22T21:11:35","guid":{"rendered":"https:\/\/puenteromano.net\/?p=1409"},"modified":"2018-05-22T21:11:35","modified_gmt":"2018-05-22T21:11:35","slug":"somos-nombres-jornadas-culturales-y-solidarias-en-el-ies-rey-pelayo","status":"publish","type":"post","link":"http:\/\/patrimonio.alospicos.com\/index.php\/2018\/05\/22\/somos-nombres-jornadas-culturales-y-solidarias-en-el-ies-rey-pelayo\/","title":{"rendered":"\u00abSomos Nombres\u00bb: Jornadas Culturales y Solidarias en el IES Rey Pelayo"},"content":{"rendered":"<p>[et_pb_section bb_built=&quot;1&quot; use_custom_width=&quot;on&quot; width_unit=&quot;off&quot; custom_width_percent=&quot;100%&quot; make_equal=&quot;on&quot; use_custom_gutter=&quot;on&quot; gutter_width=&quot;2&quot; specialty=&quot;on&quot; bg_img_1=&quot;http:\/\/patrimonio.alospicos.com\/wp-content\/uploads\/2018\/05\/Captura-de-pantalla-2018-05-22-a-las-19.37.46-copia.png&quot; padding_top_2=&quot;100px&quot; padding_right_2=&quot;40px&quot; padding_bottom_2=&quot;100px&quot; padding_left_2=&quot;40px&quot; _builder_version=&quot;3.3.1&quot; custom_margin=&quot;|||&quot; custom_padding=&quot;0px|0px|0px|0px&quot; custom_css_main_element=&quot;margin-left: 0 !important;&quot; next_background_color=&quot;#000000&quot;][et_pb_column type=&quot;1_2&quot;][et_pb_divider show_divider=&quot;off&quot; height=&quot;400px&quot; disabled_on=&quot;off|off|on&quot; _builder_version=&quot;3.3.1&quot;]<\/p>\n<p>\u00a0<\/p>\n<p>[\/et_pb_divider][\/et_pb_column][et_pb_column type=&quot;1_2&quot; specialty_columns=&quot;2&quot;][et_pb_row_inner custom_padding=&quot;30px|0px|30px|0px&quot; _builder_version=&quot;3.3.1&quot; max_width=&quot;800px&quot; animation_style=&quot;slide&quot; animation_direction=&quot;bottom&quot; animation_intensity_slide=&quot;10%&quot;][et_pb_column_inner type=&quot;4_4&quot; saved_specialty_column_type=&quot;1_2&quot;][et_pb_text _builder_version=&quot;3.3.1&quot; header_font=&quot;Poppins|600|||||||&quot; header_text_align=&quot;center&quot; header_font_size=&quot;56px&quot;]<\/p>\n<h1>Somos Nombres<\/h1>\n<p>[\/et_pb_text][et_pb_divider color=\u00bb#f7d584&#8243; divider_weight=\u00bb3px\u00bb height=\u00bb10px\u00bb disabled_on=\u00bbon|on|off\u00bb _builder_version=\u00bb3.2&#8243; max_width=\u00bb80px\u00bb module_alignment=\u00bbcenter\u00bb custom_margin=\u00bb||20px|\u00bb animation_style=\u00bbslide\u00bb animation_direction=\u00bbbottom\u00bb saved_tabs=\u00bball\u00bb locked=\u00bboff\u00bb]<\/p>\n<p>&nbsp;<\/p>\n<p>[\/et_pb_divider][et_pb_text _builder_version=\u00bb3.3.1&#8243; text_font=\u00bbPlayfair Display||on||||||\u00bb text_text_color=\u00bbrgba(0,0,0,0.31)\u00bb text_letter_spacing=\u00bb1px\u00bb text_line_height=\u00bb1.8em\u00bb text_orientation=\u00bbcenter\u00bb module_alignment=\u00bbcenter\u00bb]<\/p>\n<p>IES Rey Pelayo | CPR Gij\u00f3n-Oriente<\/p>\n<p>23, 24 y 25 de mayo<\/p>\n<p>[\/et_pb_text][\/et_pb_column_inner][\/et_pb_row_inner][et_pb_row_inner custom_padding=\u00bb30px|0px|30px|0px\u00bb _builder_version=\u00bb3.0.86&#8243; max_width=\u00bb800px\u00bb animation_style=\u00bbslide\u00bb animation_direction=\u00bbbottom\u00bb animation_intensity_slide=\u00bb10%\u00bb][et_pb_column_inner type=\u00bb4_4&#8243; saved_specialty_column_type=\u00bb1_2&#8243;][et_pb_text _builder_version=\u00bb3.0.84&#8243; text_font=\u00bbPoppins|600|||||||\u00bb text_text_color=\u00bbrgba(0,0,0,0.6)\u00bb text_font_size=\u00bb16px\u00bb text_line_height=\u00bb1.9em\u00bb header_font=\u00bb||||||||\u00bb header_2_font=\u00bb||||||||\u00bb module_alignment=\u00bbcenter\u00bb custom_margin=\u00bb|||\u00bb locked=\u00bboff\u00bb]<\/p>\n<p>El IES Rey Pelayo de Cangas de On\u00eds, junto con el CPR de Gij\u00f3n-Oriente, promueven unas jornadas de difusi\u00f3n del conjunto de actuaciones que componen, por segundo a\u00f1o, el programa educativo \u201cSomos Nombres\u201c, distinguido con el \u201cPREMIO NACIONAL DE EDUCACI\u00d3N PARA EL DESARROLLO 2017\u201d<\/p>\n<p>[\/et_pb_text][\/et_pb_column_inner][\/et_pb_row_inner][et_pb_row_inner custom_padding=\u00bb30px||30px|\u00bb _builder_version=\u00bb3.0.86&#8243; max_width=\u00bb800px\u00bb][et_pb_column_inner type=\u00bb1_2&#8243; saved_specialty_column_type=\u00bb1_2&#8243;][et_pb_text _builder_version=\u00bb3.0.84&#8243; text_font=\u00bbPoppins||||||||\u00bb text_text_color=\u00bbrgba(0,0,0,0.4)\u00bb text_line_height=\u00bb1.9em\u00bb header_font=\u00bb||||||||\u00bb header_2_font=\u00bb||||||||\u00bb module_alignment=\u00bbcenter\u00bb custom_margin=\u00bb|||\u00bb locked=\u00bboff\u00bb]<\/p>\n<p>Las jornadas se componen de un conjunto de actividades diversas agrupadas en dos franjas de horario:<\/p>\n<p>[\/et_pb_text][\/et_pb_column_inner][et_pb_column_inner type=\u00bb1_2&#8243; saved_specialty_column_type=\u00bb1_2&#8243;][et_pb_text _builder_version=\u00bb3.0.84&#8243; text_font=\u00bbPoppins||||||||\u00bb text_text_color=\u00bbrgba(0,0,0,0.4)\u00bb text_line_height=\u00bb1.9em\u00bb header_font=\u00bb||||||||\u00bb header_2_font=\u00bb||||||||\u00bb module_alignment=\u00bbcenter\u00bb custom_margin=\u00bb|||\u00bb locked=\u00bboff\u00bb]<\/p>\n<p>Las de la ma\u00f1ana, para profesores\/as y alumnos\/as del Centro; y las de la tarde, abiertas a todas las personas interesadas<\/p>\n<p>[\/et_pb_text][\/et_pb_column_inner][\/et_pb_row_inner][et_pb_row_inner custom_padding=\u00bb30px|0px|30px|0px\u00bb _builder_version=\u00bb3.0.84&#8243; max_width=\u00bb800px\u00bb animation_style=\u00bbslide\u00bb animation_direction=\u00bbbottom\u00bb animation_intensity_slide=\u00bb10%\u00bb][et_pb_column_inner type=\u00bb4_4&#8243; saved_specialty_column_type=\u00bb1_2&#8243;][et_pb_text _builder_version=\u00bb3.0.84&#8243; text_font=\u00bbPoppins|600|||||||\u00bb text_text_color=\u00bbrgba(0,0,0,0.6)\u00bb text_font_size=\u00bb16px\u00bb text_line_height=\u00bb1.9em\u00bb header_font=\u00bb||||||||\u00bb header_2_font=\u00bbPlayfair Display||on||||||\u00bb header_2_text_align=\u00bbcenter\u00bb header_2_font_size=\u00bb60px\u00bb header_2_line_height=\u00bb1.5em\u00bb max_width=\u00bb600px\u00bb module_alignment=\u00bbcenter\u00bb custom_margin=\u00bb|||\u00bb animation_style=\u00bbflip\u00bb animation_direction=\u00bbright\u00bb locked=\u00bboff\u00bb]<\/p>\n<h2>\u00abEscucha nuestras historias, acompan\u0303a nuestros pasos\u00bb<\/h2>\n<p>[\/et_pb_text][\/et_pb_column_inner][\/et_pb_row_inner][et_pb_row_inner custom_padding=&quot;30px|0px|30px|0px&quot; _builder_version=&quot;3.0.84&quot; max_width=&quot;800px&quot; animation_style=&quot;slide&quot; animation_direction=&quot;bottom&quot; animation_intensity_slide=&quot;10%&quot;][et_pb_column_inner type=&quot;4_4&quot; saved_specialty_column_type=&quot;1_2&quot;][et_pb_blurb url_new_window=&quot;on&quot; use_icon=&quot;on&quot; icon_color=&quot;#727272&quot; title=&quot;PROGRAMA DE ACTOS&quot; _builder_version=&quot;3.3.1&quot; url=&quot;http:\/\/patrimonio.alospicos.com\/wp-content\/uploads\/2018\/05\/Somos-nombres-Programa.pdf&quot; font_icon=&quot;%%72%%&quot; header_font=&quot;||||||||&quot; header_text_align=&quot;center&quot;]<\/p>\n<p>\u00a0<\/p>\n<p>[\/et_pb_blurb][et_pb_blurb url_new_window=&quot;on&quot; use_icon=&quot;on&quot; icon_color=&quot;#757575&quot; text_orientation=&quot;center&quot; title=&quot;PROMUEVEN Y ORGANIZAN&quot; _builder_version=&quot;3.3.1&quot; url=&quot;https:\/\/www.somosnombres.org\/qui%C3%A9nes-somos\/&quot; font_icon=&quot;%%305%%&quot;]<\/p>\n<p>\u00a0<\/p>\n<p>[\/et_pb_blurb][\/et_pb_column_inner][\/et_pb_row_inner][\/et_pb_column][\/et_pb_section][et_pb_section bb_built=&quot;1&quot; admin_label=&quot;Hero Section&quot; _builder_version=&quot;3.3.1&quot; use_background_color_gradient=&quot;on&quot; background_color_gradient_start=&quot;#6d6d6d&quot; background_color_gradient_end=&quot;#000000&quot; background_color_gradient_direction=&quot;131deg&quot; custom_padding=&quot;80px|0px||0px&quot; animation_style=&quot;slide&quot; animation_direction=&quot;top&quot; animation_intensity_slide=&quot;2%&quot; animation_starting_opacity=&quot;100%&quot; locked=&quot;off&quot; prev_background_color=&quot;#ffffff&quot; next_background_color=&quot;#ffffff&quot;][et_pb_row custom_width_px=&quot;1440px&quot; custom_padding=&quot;|||&quot; _builder_version=&quot;3.3.1&quot; background_size=&quot;initial&quot; background_position=&quot;top_left&quot; background_repeat=&quot;repeat&quot;][et_pb_column type=&quot;1_2&quot;][et_pb_text _builder_version=&quot;3.3.1&quot; header_text_color=&quot;#ffffff&quot; header_font_size=&quot;60px&quot; header_line_height=&quot;1.5em&quot; header_2_font=&quot;Playfair Display|700|||||||&quot; header_2_text_color=&quot;#ffffff&quot; header_2_font_size=&quot;42px&quot; header_2_line_height=&quot;1.5em&quot; background_size=&quot;initial&quot; background_position=&quot;top_left&quot; background_repeat=&quot;repeat&quot; custom_margin=&quot;||10px|&quot; locked=&quot;off&quot;]<\/p>\n<h2>Dos textos<\/h2>\n<p>[\/et_pb_text][et_pb_divider color=&quot;#f7d584&quot; divider_weight=&quot;3px&quot; height=&quot;10px&quot; disabled_on=&quot;on|on|off&quot; _builder_version=&quot;3.2&quot; max_width=&quot;80px&quot; module_alignment=&quot;left&quot; custom_margin=&quot;||20px|&quot; animation_style=&quot;slide&quot; animation_direction=&quot;bottom&quot; saved_tabs=&quot;all&quot; locked=&quot;off&quot;]<\/p>\n<p>\u00a0<\/p>\n<p>[\/et_pb_divider][et_pb_text _builder_version=&quot;3.3.1&quot; text_font=&quot;Poppins||||||||&quot; text_text_color=&quot;rgba(255,255,255,0.8)&quot; text_font_size=&quot;18px&quot; text_line_height=&quot;1.8em&quot; locked=&quot;off&quot;]<\/p>\n<p>Dos textos para reflexionar sobre las discutibles fronteras de Europa<\/p>\n<p>[\/et_pb_text][\/et_pb_column][et_pb_column type=&quot;1_2&quot;][\/et_pb_column][\/et_pb_row][\/et_pb_section][et_pb_section bb_built=&quot;1&quot; admin_label=&quot;About Us&quot; specialty=&quot;on&quot; _builder_version=&quot;3.0.78&quot; prev_background_color=&quot;#000000&quot; next_background_color=&quot;#000000&quot;][et_pb_column type=&quot;1_2&quot; specialty_columns=&quot;2&quot;][et_pb_row_inner _builder_version=&quot;3.0.78&quot; background_size=&quot;initial&quot; background_position=&quot;top_left&quot; background_repeat=&quot;repeat&quot;][et_pb_column_inner type=&quot;4_4&quot; saved_specialty_column_type=&quot;1_2&quot;][et_pb_text _builder_version=&quot;3.3.1&quot; text_font=&quot;Poppins|600|||||||&quot; text_text_color=&quot;rgba(0,0,0,0.6)&quot; text_font_size=&quot;16px&quot; text_line_height=&quot;1.9em&quot; module_alignment=&quot;center&quot; custom_margin=&quot;|||&quot;]<\/p>\n<p>La problem\u00e1tica acogida que reciben los migrantes en Europa se envuelve en un entorno de desconocimiento.<\/p>\n<p>No s\u00f3lo desconocimiento de las convulsiones y expatriaciones sufridas por muchos europeos como consecuencia de una torpe y agresiva pol\u00edtica internacional, sino desconocimiento tambi\u00e9n de las profundas ra\u00edces que la cultura occidental hunde en entornos percibidos como ajenos.<\/p>\n<p>[\/et_pb_text][\/et_pb_column_inner][\/et_pb_row_inner][et_pb_row_inner _builder_version=&quot;3.0.78&quot; background_size=&quot;initial&quot; background_position=&quot;top_left&quot; background_repeat=&quot;repeat&quot;][et_pb_column_inner type=&quot;1_2&quot; saved_specialty_column_type=&quot;1_2&quot;][et_pb_blurb title=&quot;El lado turco de Europa&quot; image=&quot;http:\/\/patrimonio.alospicos.com\/wp-content\/uploads\/2018\/05\/Ilustracio%CC%81n-de-El-lado-turco-de-Europa.png&quot; _builder_version=&quot;3.3.1&quot; url=&quot;http:\/\/patrimonio.alospicos.com\/index.php\/2018\/05\/22\/el-lado-turco-de-europa\/&quot; url_new_window=&quot;on&quot;]<\/p>\n<p>Texto<\/p>\n<p>[\/et_pb_blurb][\/et_pb_column_inner][et_pb_column_inner type=&quot;1_2&quot; saved_specialty_column_type=&quot;1_2&quot;][et_pb_blurb title=&quot;Los nombres vienen de Oriente&quot; image=&quot;http:\/\/patrimonio.alospicos.com\/wp-content\/uploads\/2018\/05\/Cabeza-de-buey-e1527021176988.jpg&quot; _builder_version=&quot;3.3.1&quot; url=&quot;http:\/\/patrimonio.alospicos.com\/index.php\/2018\/05\/22\/los-nombres-vienen-de-oriente\/&quot; url_new_window=&quot;on&quot;]<\/p>\n<p>Poema<\/p>\n<p>[\/et_pb_blurb][\/et_pb_column_inner][\/et_pb_row_inner][\/et_pb_column][et_pb_column type=&quot;1_2&quot;][et_pb_image src=&quot;http:\/\/patrimonio.alospicos.com\/wp-content\/uploads\/2018\/05\/Somos-Nombres-Portada.png&quot; force_fullwidth=&quot;on&quot; always_center_on_mobile=&quot;off&quot; _builder_version=&quot;3.3.1&quot; box_shadow_style=&quot;preset1&quot; box_shadow_vertical=&quot;10px&quot; box_shadow_blur=&quot;100px&quot; box_shadow_color=&quot;rgba(0,0,0,0.2)&quot; custom_margin=&quot;-50%|||&quot; custom_margin_tablet=&quot;0px|||&quot; custom_margin_last_edited=&quot;on|phone&quot; animation_style=&quot;slide&quot; animation_direction=&quot;top&quot; animation_duration=&quot;1500ms&quot; animation_intensity_slide=&quot;6%&quot; animation_starting_opacity=&quot;100%&quot; locked=&quot;off&quot;]<\/p>\n<p>\u00a0<\/p>\n<p>[\/et_pb_image][\/et_pb_column][\/et_pb_section][et_pb_section bb_built=&quot;1&quot; _builder_version=&quot;3.3.1&quot; prev_background_color=&quot;#000000&quot;][et_pb_row _builder_version=&quot;3.3.1&quot;][et_pb_column type=&quot;4_4&quot;][et_pb_text _builder_version=&quot;3.3.1&quot; header_text_color=&quot;#ffffff&quot; background_color=&quot;#5b5b5b&quot; custom_padding=&quot;20px|20px|20px|20px|true|true&quot;]<\/p>\n<h1 style=\"text-align: center;\"><a href=\"https:\/\/www.somosnombres.org\/\" target=\"_blank\" rel=\"noopener\">www.somosnombres.org<\/a><\/h1>\n<p>[\/et_pb_text][\/et_pb_column][\/et_pb_row][\/et_pb_section]<\/p>\n","protected":false},"excerpt":{"rendered":"<p>[et_pb_section bb_built=&quot;1&quot; use_custom_width=&quot;on&quot; width_unit=&quot;off&quot; custom_width_percent=&quot;100%&quot; make_equal=&quot;on&quot; use_custom_gutter=&quot;on&quot; gutter_width=&quot;2&quot; specialty=&quot;on&quot; bg_img_1=&quot;http:\/\/patrimonio.alospicos.com\/wp-content\/uploads\/2018\/05\/Captura-de-pantalla-2018-05-22-a-las-19.37.46-copia.png&quot; padding_top_2=&quot;100px&quot; padding_right_2=&quot;40px&quot; padding_bottom_2=&quot;100px&quot; padding_left_2=&quot;40px&quot; _builder_version=&quot;3.3.1&quot; custom_margin=&quot;|||&quot; custom_padding=&quot;0px|0px|0px|0px&quot; custom_css_main_element=&quot;margin-left: 0 !important;&quot; next_background_color=&quot;#000000&quot;][et_pb_column type=&quot;1_2&quot;][et_pb_divider show_divider=&quot;off&quot; height=&quot;400px&quot; disabled_on=&quot;off|off|on&quot; _builder_version=&quot;3.3.1&quot;] \u00a0 [\/et_pb_divider][\/et_pb_column][et_pb_column type=&quot;1_2&quot; specialty_columns=&quot;2&quot;][et_pb_row_inner custom_padding=&quot;30px|0px|30px|0px&quot; _builder_version=&quot;3.3.1&quot; max_width=&quot;800px&quot; animation_style=&quot;slide&quot; animation_direction=&quot;bottom&quot; animation_intensity_slide=&quot;10%&quot;][et_pb_column_inner type=&quot;4_4&quot; saved_specialty_column_type=&quot;1_2&quot;][et_pb_text _builder_version=&quot;3.3.1&quot; header_font=&quot;Poppins|600|||||||&quot; header_text_align=&quot;center&quot; header_font_size=&quot;56px&quot;] Somos Nombres [\/et_pb_text][et_pb_divider color=\u00bb#f7d584&#8243; divider_weight=\u00bb3px\u00bb height=\u00bb10px\u00bb disabled_on=\u00bbon|on|off\u00bb _builder_version=\u00bb3.2&#8243; max_width=\u00bb80px\u00bb module_alignment=\u00bbcenter\u00bb custom_margin=\u00bb||20px|\u00bb animation_style=\u00bbslide\u00bb animation_direction=\u00bbbottom\u00bb [&hellip;]<\/p>\n","protected":false},"author":1,"featured_media":1416,"comment_status":"closed","ping_status":"closed","sticky":false,"template":"","format":"standard","meta":{"_et_pb_use_builder":"on","_et_pb_old_content":"","_et_gb_content_width":"","footnotes":""},"categories":[12],"tags":[],"class_list":["post-1409","post","type-post","status-publish","format-standard","has-post-thumbnail","hentry","category-filosofia"],"_links":{"self":[{"href":"http:\/\/patrimonio.alospicos.com\/index.php\/wp-json\/wp\/v2\/posts\/1409","targetHints":{"allow":["GET"]}}],"collection":[{"href":"http:\/\/patrimonio.alospicos.com\/index.php\/wp-json\/wp\/v2\/posts"}],"about":[{"href":"http:\/\/patrimonio.alospicos.com\/index.php\/wp-json\/wp\/v2\/types\/post"}],"author":[{"embeddable":true,"href":"http:\/\/patrimonio.alospicos.com\/index.php\/wp-json\/wp\/v2\/users\/1"}],"replies":[{"embeddable":true,"href":"http:\/\/patrimonio.alospicos.com\/index.php\/wp-json\/wp\/v2\/comments?post=1409"}],"version-history":[{"count":0,"href":"http:\/\/patrimonio.alospicos.com\/index.php\/wp-json\/wp\/v2\/posts\/1409\/revisions"}],"wp:attachment":[{"href":"http:\/\/patrimonio.alospicos.com\/index.php\/wp-json\/wp\/v2\/media?parent=1409"}],"wp:term":[{"taxonomy":"category","embeddable":true,"href":"http:\/\/patrimonio.alospicos.com\/index.php\/wp-json\/wp\/v2\/categories?post=1409"},{"taxonomy":"post_tag","embeddable":true,"href":"http:\/\/patrimonio.alospicos.com\/index.php\/wp-json\/wp\/v2\/tags?post=1409"}],"curies":[{"name":"wp","href":"https:\/\/api.w.org\/{rel}","templated":true}]}}